{"id":1995,"date":"2024-05-03T13:51:56","date_gmt":"2024-05-03T11:51:56","guid":{"rendered":"https:\/\/www.javelot-agriculture.com\/?p=1995"},"modified":"2024-12-10T14:54:50","modified_gmt":"2024-12-10T13:54:50","slug":"vos-interlocuteurs-dedies-pour-les-marches-europeens-et-mondiaux","status":"publish","type":"post","link":"https:\/\/www.javelot-agriculture.com\/en\/your-dedicated-contacts-for-european-and-global-markets\/","title":{"rendered":"Your Dedicated Contact Persons for the European and Global Markets!"},"content":{"rendered":"<p>Our teams are there for you on an international level.<\/p>\n\n\n\n<p class=\" translation-block\">After the opening of our German subsidiary, our <a href=\"https:\/\/www.javelot-agriculture.com\/en\/who-are-we\/agtech-post-harvest-services\/\" target=\"_self\">Agritech<\/a> is proud to continue its ascent on European and global markets such as Italy, Ireland, the United Kingdom\u2026<\/p>\n\n\n\n<p>They represent Javelot in all four corners of the world, building relationships of trust with partners, studying the needs of new markets and going out to conquer them...<\/p>\n\n\n\n<p>\u201cWe want to create strong partnerships with farmers, cooperatives and traders on an international scale.\u201d<\/p>\n\n\n\n\n\n\n\n\n\n\n\n<figure class=\"wp-block-embed is-type-video is-provider-youtube wp-block-embed-youtube wp-embed-aspect-16-9 wp-has-aspect-ratio\"><div class=\"wp-block-embed__wrapper\">\n<iframe loading=\"lazy\" title=\"Your Dedicated Contact Persons for the European and Global Markets \ud83c\udf0e\" width=\"500\" height=\"281\" src=\"https:\/\/www.youtube.com\/embed\/_ebyeJ2k0hM?feature=oembed\" frameborder=\"0\" allow=\"accelerometer; autoplay; clipboard-write; encrypted-media; gyroscope; picture-in-picture; web-share\" referrerpolicy=\"strict-origin-when-cross-origin\" allowfullscreen><\/iframe>\n<\/div><figcaption class=\"wp-element-caption\"><\/figcaption><\/figure>","protected":false},"excerpt":{"rendered":"<p>Our teams are there for you internationally. Following the opening of our German subsidiary, our Agritech is proud to continue its ascent on European and world markets such as Italy, Ireland, the United Kingdom... They represent Javelot in the four corners of the world, forging links of trust with partners, studying the needs of new [...]<\/p>","protected":false},"author":11,"featured_media":2011,"comment_status":"open","ping_status":"open","sticky":false,"template":"","format":"standard","meta":{"_acf_changed":false,"inline_featured_image":false,"footnotes":""},"categories":[21],"tags":[],"class_list":["post-1995","post","type-post","status-publish","format-standard","has-post-thumbnail","hentry","category-entreprise"],"acf":[],"yoast_head":"<!-- This site is optimized with the Yoast SEO plugin v23.9 - https:\/\/yoast.com\/wordpress\/plugins\/seo\/ -->\n<title>L&#039;Agritech Javelot pr\u00e9sent \u00e0 l&#039;international ! | Javelot<\/title>\n<meta name=\"description\" content=\"Apr\u00e8s l&#039;ouverture de notre filiale Allemande, notre Agritech est fi\u00e8re de continuer son ascension sur les march\u00e9s europ\u00e9ens et mondiaux tels que l&#039;Italie, l&#039;Irlande, le Royaume-uni...\" \/>\n<meta name=\"robots\" content=\"index, follow, max-snippet:-1, max-image-preview:large, max-video-preview:-1\" \/>\n<link rel=\"canonical\" href=\"https:\/\/www.javelot-agriculture.com\/en\/your-dedicated-contacts-for-european-and-global-markets\/\" \/>\n<meta property=\"og:locale\" content=\"en_GB\" \/>\n<meta property=\"og:type\" content=\"article\" \/>\n<meta property=\"og:title\" content=\"L&#039;Agritech Javelot pr\u00e9sent \u00e0 l&#039;international ! | Javelot\" \/>\n<meta property=\"og:description\" content=\"Apr\u00e8s l&#039;ouverture de notre filiale Allemande, notre Agritech est fi\u00e8re de continuer son ascension sur les march\u00e9s europ\u00e9ens et mondiaux tels que l&#039;Italie, l&#039;Irlande, le Royaume-uni...\" \/>\n<meta property=\"og:url\" content=\"https:\/\/www.javelot-agriculture.com\/en\/your-dedicated-contacts-for-european-and-global-markets\/\" \/>\n<meta property=\"og:site_name\" content=\"Javelot\" \/>\n<meta property=\"article:published_time\" content=\"2024-05-03T11:51:56+00:00\" \/>\n<meta property=\"article:modified_time\" content=\"2024-12-10T13:54:50+00:00\" \/>\n<meta property=\"og:image\" content=\"https:\/\/www.javelot-agriculture.com\/wp-content\/uploads\/2024\/05\/Capture-de\u0301cran-2024-04-24-a\u0300-14.56.09.png\" \/>\n\t<meta property=\"og:image:width\" content=\"1009\" \/>\n\t<meta property=\"og:image:height\" content=\"725\" \/>\n\t<meta property=\"og:image:type\" content=\"image\/png\" \/>\n<meta name=\"author\" content=\"L\u00e9a Lefebvre\" \/>\n<meta name=\"twitter:card\" content=\"summary_large_image\" \/>\n<meta name=\"twitter:label1\" content=\"Written by\" \/>\n\t<meta name=\"twitter:data1\" content=\"L\u00e9a Lefebvre\" \/>\n\t<meta name=\"twitter:label2\" content=\"Est. reading time\" \/>\n\t<meta name=\"twitter:data2\" content=\"1 minute\" \/>\n<script type=\"application\/ld+json\" class=\"yoast-schema-graph\">{\"@context\":\"https:\/\/schema.org\",\"@graph\":[{\"@type\":\"Article\",\"@id\":\"https:\/\/www.javelot-agriculture.com\/vos-interlocuteurs-dedies-pour-les-marches-europeens-et-mondiaux\/#article\",\"isPartOf\":{\"@id\":\"https:\/\/www.javelot-agriculture.com\/vos-interlocuteurs-dedies-pour-les-marches-europeens-et-mondiaux\/\"},\"author\":{\"name\":\"L\u00e9a Lefebvre\",\"@id\":\"https:\/\/www.javelot-agriculture.com\/#\/schema\/person\/b92d6fd2113529d3d31a0180e2071eff\"},\"headline\":\"Vos interlocuteurs d\u00e9di\u00e9s pour les march\u00e9s europ\u00e9ens et mondiaux !\",\"datePublished\":\"2024-05-03T11:51:56+00:00\",\"dateModified\":\"2024-12-10T13:54:50+00:00\",\"mainEntityOfPage\":{\"@id\":\"https:\/\/www.javelot-agriculture.com\/vos-interlocuteurs-dedies-pour-les-marches-europeens-et-mondiaux\/\"},\"wordCount\":134,\"commentCount\":0,\"publisher\":{\"@id\":\"https:\/\/www.javelot-agriculture.com\/#organization\"},\"image\":{\"@id\":\"https:\/\/www.javelot-agriculture.com\/vos-interlocuteurs-dedies-pour-les-marches-europeens-et-mondiaux\/#primaryimage\"},\"thumbnailUrl\":\"https:\/\/www.javelot-agriculture.com\/wp-content\/uploads\/2024\/05\/Capture-de\u0301cran-2024-04-24-a\u0300-14.56.09.png\",\"articleSection\":[\"Agritech\"],\"inLanguage\":\"en-GB\",\"potentialAction\":[{\"@type\":\"CommentAction\",\"name\":\"Comment\",\"target\":[\"https:\/\/www.javelot-agriculture.com\/vos-interlocuteurs-dedies-pour-les-marches-europeens-et-mondiaux\/#respond\"]}]},{\"@type\":\"WebPage\",\"@id\":\"https:\/\/www.javelot-agriculture.com\/vos-interlocuteurs-dedies-pour-les-marches-europeens-et-mondiaux\/\",\"url\":\"https:\/\/www.javelot-agriculture.com\/vos-interlocuteurs-dedies-pour-les-marches-europeens-et-mondiaux\/\",\"name\":\"L'Agritech Javelot pr\u00e9sent \u00e0 l'international ! | Javelot\",\"isPartOf\":{\"@id\":\"https:\/\/www.javelot-agriculture.com\/#website\"},\"primaryImageOfPage\":{\"@id\":\"https:\/\/www.javelot-agriculture.com\/vos-interlocuteurs-dedies-pour-les-marches-europeens-et-mondiaux\/#primaryimage\"},\"image\":{\"@id\":\"https:\/\/www.javelot-agriculture.com\/vos-interlocuteurs-dedies-pour-les-marches-europeens-et-mondiaux\/#primaryimage\"},\"thumbnailUrl\":\"https:\/\/www.javelot-agriculture.com\/wp-content\/uploads\/2024\/05\/Capture-de\u0301cran-2024-04-24-a\u0300-14.56.09.png\",\"datePublished\":\"2024-05-03T11:51:56+00:00\",\"dateModified\":\"2024-12-10T13:54:50+00:00\",\"description\":\"Apr\u00e8s l'ouverture de notre filiale Allemande, notre Agritech est fi\u00e8re de continuer son ascension sur les march\u00e9s europ\u00e9ens et mondiaux tels que l'Italie, l'Irlande, le Royaume-uni...\",\"breadcrumb\":{\"@id\":\"https:\/\/www.javelot-agriculture.com\/vos-interlocuteurs-dedies-pour-les-marches-europeens-et-mondiaux\/#breadcrumb\"},\"inLanguage\":\"en-GB\",\"potentialAction\":[{\"@type\":\"ReadAction\",\"target\":[\"https:\/\/www.javelot-agriculture.com\/vos-interlocuteurs-dedies-pour-les-marches-europeens-et-mondiaux\/\"]}]},{\"@type\":\"ImageObject\",\"inLanguage\":\"en-GB\",\"@id\":\"https:\/\/www.javelot-agriculture.com\/vos-interlocuteurs-dedies-pour-les-marches-europeens-et-mondiaux\/#primaryimage\",\"url\":\"https:\/\/www.javelot-agriculture.com\/wp-content\/uploads\/2024\/05\/Capture-de\u0301cran-2024-04-24-a\u0300-14.56.09.png\",\"contentUrl\":\"https:\/\/www.javelot-agriculture.com\/wp-content\/uploads\/2024\/05\/Capture-de\u0301cran-2024-04-24-a\u0300-14.56.09.png\",\"width\":1009,\"height\":725},{\"@type\":\"BreadcrumbList\",\"@id\":\"https:\/\/www.javelot-agriculture.com\/vos-interlocuteurs-dedies-pour-les-marches-europeens-et-mondiaux\/#breadcrumb\",\"itemListElement\":[{\"@type\":\"ListItem\",\"position\":1,\"name\":\"Accueil\",\"item\":\"https:\/\/www.javelot-agriculture.com\/\"},{\"@type\":\"ListItem\",\"position\":2,\"name\":\"Agritech\",\"item\":\"https:\/\/www.javelot-agriculture.com\/actualites\/entreprise\/\"},{\"@type\":\"ListItem\",\"position\":3,\"name\":\"Vos interlocuteurs d\u00e9di\u00e9s pour les march\u00e9s europ\u00e9ens et mondiaux !\"}]},{\"@type\":\"WebSite\",\"@id\":\"https:\/\/www.javelot-agriculture.com\/#website\",\"url\":\"https:\/\/www.javelot-agriculture.com\/\",\"name\":\"Javelot\",\"description\":\"Une Agritech qui optimise le stockage et la logistique agricole\",\"publisher\":{\"@id\":\"https:\/\/www.javelot-agriculture.com\/#organization\"},\"potentialAction\":[{\"@type\":\"SearchAction\",\"target\":{\"@type\":\"EntryPoint\",\"urlTemplate\":\"https:\/\/www.javelot-agriculture.com\/?s={search_term_string}\"},\"query-input\":{\"@type\":\"PropertyValueSpecification\",\"valueRequired\":true,\"valueName\":\"search_term_string\"}}],\"inLanguage\":\"en-GB\"},{\"@type\":\"Organization\",\"@id\":\"https:\/\/www.javelot-agriculture.com\/#organization\",\"name\":\"Javelot\",\"url\":\"https:\/\/www.javelot-agriculture.com\/\",\"logo\":{\"@type\":\"ImageObject\",\"inLanguage\":\"en-GB\",\"@id\":\"https:\/\/www.javelot-agriculture.com\/#\/schema\/logo\/image\/\",\"url\":\"https:\/\/www.javelot-agriculture.com\/wp-content\/uploads\/2023\/07\/Group-85.svg\",\"contentUrl\":\"https:\/\/www.javelot-agriculture.com\/wp-content\/uploads\/2023\/07\/Group-85.svg\",\"width\":173,\"height\":176,\"caption\":\"Javelot\"},\"image\":{\"@id\":\"https:\/\/www.javelot-agriculture.com\/#\/schema\/logo\/image\/\"}},{\"@type\":\"Person\",\"@id\":\"https:\/\/www.javelot-agriculture.com\/#\/schema\/person\/b92d6fd2113529d3d31a0180e2071eff\",\"name\":\"L\u00e9a Lefebvre\",\"image\":{\"@type\":\"ImageObject\",\"inLanguage\":\"en-GB\",\"@id\":\"https:\/\/www.javelot-agriculture.com\/#\/schema\/person\/image\/\",\"url\":\"https:\/\/secure.gravatar.com\/avatar\/8632e6e9d448552a28325ebdf27fbdc2?s=96&d=mm&r=g\",\"contentUrl\":\"https:\/\/secure.gravatar.com\/avatar\/8632e6e9d448552a28325ebdf27fbdc2?s=96&d=mm&r=g\",\"caption\":\"L\u00e9a Lefebvre\"}}]}<\/script>\n<!-- \/ Yoast SEO plugin. -->","yoast_head_json":{"title":"L'Agritech Javelot pr\u00e9sent \u00e0 l'international ! | Javelot","description":"Apr\u00e8s l'ouverture de notre filiale Allemande, notre Agritech est fi\u00e8re de continuer son ascension sur les march\u00e9s europ\u00e9ens et mondiaux tels que l'Italie, l'Irlande, le Royaume-uni...","robots":{"index":"index","follow":"follow","max-snippet":"max-snippet:-1","max-image-preview":"max-image-preview:large","max-video-preview":"max-video-preview:-1"},"canonical":"https:\/\/www.javelot-agriculture.com\/en\/your-dedicated-contacts-for-european-and-global-markets\/","og_locale":"en_GB","og_type":"article","og_title":"L'Agritech Javelot pr\u00e9sent \u00e0 l'international ! | Javelot","og_description":"Apr\u00e8s l'ouverture de notre filiale Allemande, notre Agritech est fi\u00e8re de continuer son ascension sur les march\u00e9s europ\u00e9ens et mondiaux tels que l'Italie, l'Irlande, le Royaume-uni...","og_url":"https:\/\/www.javelot-agriculture.com\/en\/your-dedicated-contacts-for-european-and-global-markets\/","og_site_name":"Javelot","article_published_time":"2024-05-03T11:51:56+00:00","article_modified_time":"2024-12-10T13:54:50+00:00","og_image":[{"width":1009,"height":725,"url":"https:\/\/www.javelot-agriculture.com\/wp-content\/uploads\/2024\/05\/Capture-de\u0301cran-2024-04-24-a\u0300-14.56.09.png","type":"image\/png"}],"author":"L\u00e9a Lefebvre","twitter_card":"summary_large_image","twitter_misc":{"Written by":"L\u00e9a Lefebvre","Est. reading time":"1 minute"},"schema":{"@context":"https:\/\/schema.org","@graph":[{"@type":"Article","@id":"https:\/\/www.javelot-agriculture.com\/vos-interlocuteurs-dedies-pour-les-marches-europeens-et-mondiaux\/#article","isPartOf":{"@id":"https:\/\/www.javelot-agriculture.com\/vos-interlocuteurs-dedies-pour-les-marches-europeens-et-mondiaux\/"},"author":{"name":"L\u00e9a Lefebvre","@id":"https:\/\/www.javelot-agriculture.com\/#\/schema\/person\/b92d6fd2113529d3d31a0180e2071eff"},"headline":"Vos interlocuteurs d\u00e9di\u00e9s pour les march\u00e9s europ\u00e9ens et mondiaux !","datePublished":"2024-05-03T11:51:56+00:00","dateModified":"2024-12-10T13:54:50+00:00","mainEntityOfPage":{"@id":"https:\/\/www.javelot-agriculture.com\/vos-interlocuteurs-dedies-pour-les-marches-europeens-et-mondiaux\/"},"wordCount":134,"commentCount":0,"publisher":{"@id":"https:\/\/www.javelot-agriculture.com\/#organization"},"image":{"@id":"https:\/\/www.javelot-agriculture.com\/vos-interlocuteurs-dedies-pour-les-marches-europeens-et-mondiaux\/#primaryimage"},"thumbnailUrl":"https:\/\/www.javelot-agriculture.com\/wp-content\/uploads\/2024\/05\/Capture-de\u0301cran-2024-04-24-a\u0300-14.56.09.png","articleSection":["Agritech"],"inLanguage":"en-GB","potentialAction":[{"@type":"CommentAction","name":"Comment","target":["https:\/\/www.javelot-agriculture.com\/vos-interlocuteurs-dedies-pour-les-marches-europeens-et-mondiaux\/#respond"]}]},{"@type":"WebPage","@id":"https:\/\/www.javelot-agriculture.com\/vos-interlocuteurs-dedies-pour-les-marches-europeens-et-mondiaux\/","url":"https:\/\/www.javelot-agriculture.com\/vos-interlocuteurs-dedies-pour-les-marches-europeens-et-mondiaux\/","name":"L'Agritech Javelot pr\u00e9sent \u00e0 l'international ! | Javelot","isPartOf":{"@id":"https:\/\/www.javelot-agriculture.com\/#website"},"primaryImageOfPage":{"@id":"https:\/\/www.javelot-agriculture.com\/vos-interlocuteurs-dedies-pour-les-marches-europeens-et-mondiaux\/#primaryimage"},"image":{"@id":"https:\/\/www.javelot-agriculture.com\/vos-interlocuteurs-dedies-pour-les-marches-europeens-et-mondiaux\/#primaryimage"},"thumbnailUrl":"https:\/\/www.javelot-agriculture.com\/wp-content\/uploads\/2024\/05\/Capture-de\u0301cran-2024-04-24-a\u0300-14.56.09.png","datePublished":"2024-05-03T11:51:56+00:00","dateModified":"2024-12-10T13:54:50+00:00","description":"Apr\u00e8s l'ouverture de notre filiale Allemande, notre Agritech est fi\u00e8re de continuer son ascension sur les march\u00e9s europ\u00e9ens et mondiaux tels que l'Italie, l'Irlande, le Royaume-uni...","breadcrumb":{"@id":"https:\/\/www.javelot-agriculture.com\/vos-interlocuteurs-dedies-pour-les-marches-europeens-et-mondiaux\/#breadcrumb"},"inLanguage":"en-GB","potentialAction":[{"@type":"ReadAction","target":["https:\/\/www.javelot-agriculture.com\/vos-interlocuteurs-dedies-pour-les-marches-europeens-et-mondiaux\/"]}]},{"@type":"ImageObject","inLanguage":"en-GB","@id":"https:\/\/www.javelot-agriculture.com\/vos-interlocuteurs-dedies-pour-les-marches-europeens-et-mondiaux\/#primaryimage","url":"https:\/\/www.javelot-agriculture.com\/wp-content\/uploads\/2024\/05\/Capture-de\u0301cran-2024-04-24-a\u0300-14.56.09.png","contentUrl":"https:\/\/www.javelot-agriculture.com\/wp-content\/uploads\/2024\/05\/Capture-de\u0301cran-2024-04-24-a\u0300-14.56.09.png","width":1009,"height":725},{"@type":"BreadcrumbList","@id":"https:\/\/www.javelot-agriculture.com\/vos-interlocuteurs-dedies-pour-les-marches-europeens-et-mondiaux\/#breadcrumb","itemListElement":[{"@type":"ListItem","position":1,"name":"Accueil","item":"https:\/\/www.javelot-agriculture.com\/"},{"@type":"ListItem","position":2,"name":"Agritech","item":"https:\/\/www.javelot-agriculture.com\/actualites\/entreprise\/"},{"@type":"ListItem","position":3,"name":"Vos interlocuteurs d\u00e9di\u00e9s pour les march\u00e9s europ\u00e9ens et mondiaux !"}]},{"@type":"WebSite","@id":"https:\/\/www.javelot-agriculture.com\/#website","url":"https:\/\/www.javelot-agriculture.com\/","name":"Javelot","description":"Une Agritech qui optimise le stockage et la logistique agricole","publisher":{"@id":"https:\/\/www.javelot-agriculture.com\/#organization"},"potentialAction":[{"@type":"SearchAction","target":{"@type":"EntryPoint","urlTemplate":"https:\/\/www.javelot-agriculture.com\/?s={search_term_string}"},"query-input":{"@type":"PropertyValueSpecification","valueRequired":true,"valueName":"search_term_string"}}],"inLanguage":"en-GB"},{"@type":"Organization","@id":"https:\/\/www.javelot-agriculture.com\/#organization","name":"Javelot","url":"https:\/\/www.javelot-agriculture.com\/","logo":{"@type":"ImageObject","inLanguage":"en-GB","@id":"https:\/\/www.javelot-agriculture.com\/#\/schema\/logo\/image\/","url":"https:\/\/www.javelot-agriculture.com\/wp-content\/uploads\/2023\/07\/Group-85.svg","contentUrl":"https:\/\/www.javelot-agriculture.com\/wp-content\/uploads\/2023\/07\/Group-85.svg","width":173,"height":176,"caption":"Javelot"},"image":{"@id":"https:\/\/www.javelot-agriculture.com\/#\/schema\/logo\/image\/"}},{"@type":"Person","@id":"https:\/\/www.javelot-agriculture.com\/#\/schema\/person\/b92d6fd2113529d3d31a0180e2071eff","name":"L\u00e9a Lefebvre","image":{"@type":"ImageObject","inLanguage":"en-GB","@id":"https:\/\/www.javelot-agriculture.com\/#\/schema\/person\/image\/","url":"https:\/\/secure.gravatar.com\/avatar\/8632e6e9d448552a28325ebdf27fbdc2?s=96&d=mm&r=g","contentUrl":"https:\/\/secure.gravatar.com\/avatar\/8632e6e9d448552a28325ebdf27fbdc2?s=96&d=mm&r=g","caption":"L\u00e9a Lefebvre"}}]}},"_links":{"self":[{"href":"https:\/\/www.javelot-agriculture.com\/en\/wp-json\/wp\/v2\/posts\/1995","targetHints":{"allow":["GET"]}}],"collection":[{"href":"https:\/\/www.javelot-agriculture.com\/en\/wp-json\/wp\/v2\/posts"}],"about":[{"href":"https:\/\/www.javelot-agriculture.com\/en\/wp-json\/wp\/v2\/types\/post"}],"author":[{"embeddable":true,"href":"https:\/\/www.javelot-agriculture.com\/en\/wp-json\/wp\/v2\/users\/11"}],"replies":[{"embeddable":true,"href":"https:\/\/www.javelot-agriculture.com\/en\/wp-json\/wp\/v2\/comments?post=1995"}],"version-history":[{"count":3,"href":"https:\/\/www.javelot-agriculture.com\/en\/wp-json\/wp\/v2\/posts\/1995\/revisions"}],"predecessor-version":[{"id":2013,"href":"https:\/\/www.javelot-agriculture.com\/en\/wp-json\/wp\/v2\/posts\/1995\/revisions\/2013"}],"wp:featuredmedia":[{"embeddable":true,"href":"https:\/\/www.javelot-agriculture.com\/en\/wp-json\/wp\/v2\/media\/2011"}],"wp:attachment":[{"href":"https:\/\/www.javelot-agriculture.com\/en\/wp-json\/wp\/v2\/media?parent=1995"}],"wp:term":[{"taxonomy":"category","embeddable":true,"href":"https:\/\/www.javelot-agriculture.com\/en\/wp-json\/wp\/v2\/categories?post=1995"},{"taxonomy":"post_tag","embeddable":true,"href":"https:\/\/www.javelot-agriculture.com\/en\/wp-json\/wp\/v2\/tags?post=1995"}],"curies":[{"name":"wp","href":"https:\/\/api.w.org\/{rel}","templated":true}]}}