{"id":2472,"date":"2025-02-04T17:30:18","date_gmt":"2025-02-04T16:30:18","guid":{"rendered":"https:\/\/www.javelot-agriculture.com\/?p=2472"},"modified":"2025-03-13T11:32:05","modified_gmt":"2025-03-13T10:32:05","slug":"javelot-au-salon-international-de-lagriculture-2025","status":"publish","type":"post","link":"https:\/\/www.javelot-agriculture.com\/en\/javelin-at-the-2025-international-agricultural-show\/","title":{"rendered":"Javelot at the International Agriculture Show 2025!"},"content":{"rendered":"<p class=\" translation-block\"><br>The challenges of the cereal sector are evolving, and the digitalization of post-harvest operations plays a crucial role in the industry's ability to reinvent its supply chain.<br>Optimizing flows and logistics performance, storage operations, and the ability to make the best decisions today for tomorrow\u2014the transformation is underway.<br><br>\ud83d\udccd Meet us at the International Agriculture Show, from February 22 to March 2, alongside La Ferme Digitale.<br>Visit us in Hall 4, Stand E080.<br>\ud83c\udf3e Farmers, cooperatives, traders\u2014we look forward to discussing these key challenges with you. We can't wait to meet you! \u270c\ufe0f<\/p>\n\n\n\n<p><\/p>","protected":false},"excerpt":{"rendered":"<p>The challenges facing the cereals sector are changing, and the digitalisation of post-harvest operations is playing a crucial role in the industry's ability to reinvent its supply chain.Optimising logistics flows and performance, storage operations, the ability to make the best decisions for tomorrow today: the transformation is underway. \ud83d\udccd Join us at the Salon [...]<\/p>","protected":false},"author":11,"featured_media":2528,"comment_status":"closed","ping_status":"closed","sticky":false,"template":"","format":"standard","meta":{"_acf_changed":false,"inline_featured_image":false,"footnotes":""},"categories":[21],"tags":[],"class_list":["post-2472","post","type-post","status-publish","format-standard","has-post-thumbnail","hentry","category-entreprise"],"acf":[],"yoast_head":"<!-- This site is optimized with the Yoast SEO plugin v23.9 - https:\/\/yoast.com\/wordpress\/plugins\/seo\/ -->\n<title>Javelot au Salon International de l\u2019Agriculture 2025 ! - Javelot<\/title>\n<meta name=\"description\" content=\"Nous sommes pr\u00e9sents au Salon International de l\u2019Agriculture, du 22 f\u00e9vrier au 2 mars, aux c\u00f4t\u00e9s de La Ferme Digitale.\" \/>\n<meta name=\"robots\" content=\"index, follow, max-snippet:-1, max-image-preview:large, max-video-preview:-1\" \/>\n<link rel=\"canonical\" href=\"https:\/\/www.javelot-agriculture.com\/en\/javelin-at-the-2025-international-agricultural-show\/\" \/>\n<meta property=\"og:locale\" content=\"en_GB\" \/>\n<meta property=\"og:type\" content=\"article\" \/>\n<meta property=\"og:title\" content=\"Javelot au Salon International de l\u2019Agriculture 2025 ! - Javelot\" \/>\n<meta property=\"og:description\" content=\"Nous sommes pr\u00e9sents au Salon International de l\u2019Agriculture, du 22 f\u00e9vrier au 2 mars, aux c\u00f4t\u00e9s de La Ferme Digitale.\" \/>\n<meta property=\"og:url\" content=\"https:\/\/www.javelot-agriculture.com\/en\/javelin-at-the-2025-international-agricultural-show\/\" \/>\n<meta property=\"og:site_name\" content=\"Javelot\" \/>\n<meta property=\"article:published_time\" content=\"2025-02-04T16:30:18+00:00\" \/>\n<meta property=\"article:modified_time\" content=\"2025-03-13T10:32:05+00:00\" \/>\n<meta property=\"og:image\" content=\"https:\/\/www.javelot-agriculture.com\/wp-content\/uploads\/2025\/02\/Capture-de\u0301cran-2025-03-13-a\u0300-11.31.52.png\" \/>\n\t<meta property=\"og:image:width\" content=\"1090\" \/>\n\t<meta property=\"og:image:height\" content=\"732\" \/>\n\t<meta property=\"og:image:type\" content=\"image\/png\" \/>\n<meta name=\"author\" content=\"L\u00e9a Lefebvre\" \/>\n<meta name=\"twitter:card\" content=\"summary_large_image\" \/>\n<meta name=\"twitter:label1\" content=\"Written by\" \/>\n\t<meta name=\"twitter:data1\" content=\"L\u00e9a Lefebvre\" \/>\n\t<meta name=\"twitter:label2\" content=\"Est. reading time\" \/>\n\t<meta name=\"twitter:data2\" content=\"1 minute\" \/>\n<script type=\"application\/ld+json\" class=\"yoast-schema-graph\">{\"@context\":\"https:\/\/schema.org\",\"@graph\":[{\"@type\":\"Article\",\"@id\":\"https:\/\/www.javelot-agriculture.com\/javelot-au-salon-international-de-lagriculture-2025\/#article\",\"isPartOf\":{\"@id\":\"https:\/\/www.javelot-agriculture.com\/javelot-au-salon-international-de-lagriculture-2025\/\"},\"author\":{\"name\":\"L\u00e9a Lefebvre\",\"@id\":\"https:\/\/www.javelot-agriculture.com\/#\/schema\/person\/b92d6fd2113529d3d31a0180e2071eff\"},\"headline\":\"Javelot au Salon International de l\u2019Agriculture 2025 !\",\"datePublished\":\"2025-02-04T16:30:18+00:00\",\"dateModified\":\"2025-03-13T10:32:05+00:00\",\"mainEntityOfPage\":{\"@id\":\"https:\/\/www.javelot-agriculture.com\/javelot-au-salon-international-de-lagriculture-2025\/\"},\"wordCount\":115,\"publisher\":{\"@id\":\"https:\/\/www.javelot-agriculture.com\/#organization\"},\"image\":{\"@id\":\"https:\/\/www.javelot-agriculture.com\/javelot-au-salon-international-de-lagriculture-2025\/#primaryimage\"},\"thumbnailUrl\":\"https:\/\/www.javelot-agriculture.com\/wp-content\/uploads\/2025\/02\/Capture-de\u0301cran-2025-03-13-a\u0300-11.31.52.png\",\"articleSection\":[\"Agritech\"],\"inLanguage\":\"en-GB\"},{\"@type\":\"WebPage\",\"@id\":\"https:\/\/www.javelot-agriculture.com\/javelot-au-salon-international-de-lagriculture-2025\/\",\"url\":\"https:\/\/www.javelot-agriculture.com\/javelot-au-salon-international-de-lagriculture-2025\/\",\"name\":\"Javelot au Salon International de l\u2019Agriculture 2025 ! - Javelot\",\"isPartOf\":{\"@id\":\"https:\/\/www.javelot-agriculture.com\/#website\"},\"primaryImageOfPage\":{\"@id\":\"https:\/\/www.javelot-agriculture.com\/javelot-au-salon-international-de-lagriculture-2025\/#primaryimage\"},\"image\":{\"@id\":\"https:\/\/www.javelot-agriculture.com\/javelot-au-salon-international-de-lagriculture-2025\/#primaryimage\"},\"thumbnailUrl\":\"https:\/\/www.javelot-agriculture.com\/wp-content\/uploads\/2025\/02\/Capture-de\u0301cran-2025-03-13-a\u0300-11.31.52.png\",\"datePublished\":\"2025-02-04T16:30:18+00:00\",\"dateModified\":\"2025-03-13T10:32:05+00:00\",\"description\":\"Nous sommes pr\u00e9sents au Salon International de l\u2019Agriculture, du 22 f\u00e9vrier au 2 mars, aux c\u00f4t\u00e9s de La Ferme Digitale.\",\"breadcrumb\":{\"@id\":\"https:\/\/www.javelot-agriculture.com\/javelot-au-salon-international-de-lagriculture-2025\/#breadcrumb\"},\"inLanguage\":\"en-GB\",\"potentialAction\":[{\"@type\":\"ReadAction\",\"target\":[\"https:\/\/www.javelot-agriculture.com\/javelot-au-salon-international-de-lagriculture-2025\/\"]}]},{\"@type\":\"ImageObject\",\"inLanguage\":\"en-GB\",\"@id\":\"https:\/\/www.javelot-agriculture.com\/javelot-au-salon-international-de-lagriculture-2025\/#primaryimage\",\"url\":\"https:\/\/www.javelot-agriculture.com\/wp-content\/uploads\/2025\/02\/Capture-de\u0301cran-2025-03-13-a\u0300-11.31.52.png\",\"contentUrl\":\"https:\/\/www.javelot-agriculture.com\/wp-content\/uploads\/2025\/02\/Capture-de\u0301cran-2025-03-13-a\u0300-11.31.52.png\",\"width\":1090,\"height\":732},{\"@type\":\"BreadcrumbList\",\"@id\":\"https:\/\/www.javelot-agriculture.com\/javelot-au-salon-international-de-lagriculture-2025\/#breadcrumb\",\"itemListElement\":[{\"@type\":\"ListItem\",\"position\":1,\"name\":\"Accueil\",\"item\":\"https:\/\/www.javelot-agriculture.com\/\"},{\"@type\":\"ListItem\",\"position\":2,\"name\":\"Agritech\",\"item\":\"https:\/\/www.javelot-agriculture.com\/actualites\/entreprise\/\"},{\"@type\":\"ListItem\",\"position\":3,\"name\":\"Javelot au Salon International de l\u2019Agriculture 2025 !\"}]},{\"@type\":\"WebSite\",\"@id\":\"https:\/\/www.javelot-agriculture.com\/#website\",\"url\":\"https:\/\/www.javelot-agriculture.com\/\",\"name\":\"Javelot\",\"description\":\"Une Agritech qui optimise le stockage et la logistique agricole\",\"publisher\":{\"@id\":\"https:\/\/www.javelot-agriculture.com\/#organization\"},\"potentialAction\":[{\"@type\":\"SearchAction\",\"target\":{\"@type\":\"EntryPoint\",\"urlTemplate\":\"https:\/\/www.javelot-agriculture.com\/?s={search_term_string}\"},\"query-input\":{\"@type\":\"PropertyValueSpecification\",\"valueRequired\":true,\"valueName\":\"search_term_string\"}}],\"inLanguage\":\"en-GB\"},{\"@type\":\"Organization\",\"@id\":\"https:\/\/www.javelot-agriculture.com\/#organization\",\"name\":\"Javelot\",\"url\":\"https:\/\/www.javelot-agriculture.com\/\",\"logo\":{\"@type\":\"ImageObject\",\"inLanguage\":\"en-GB\",\"@id\":\"https:\/\/www.javelot-agriculture.com\/#\/schema\/logo\/image\/\",\"url\":\"https:\/\/www.javelot-agriculture.com\/wp-content\/uploads\/2023\/07\/Group-85.svg\",\"contentUrl\":\"https:\/\/www.javelot-agriculture.com\/wp-content\/uploads\/2023\/07\/Group-85.svg\",\"width\":173,\"height\":176,\"caption\":\"Javelot\"},\"image\":{\"@id\":\"https:\/\/www.javelot-agriculture.com\/#\/schema\/logo\/image\/\"}},{\"@type\":\"Person\",\"@id\":\"https:\/\/www.javelot-agriculture.com\/#\/schema\/person\/b92d6fd2113529d3d31a0180e2071eff\",\"name\":\"L\u00e9a Lefebvre\",\"image\":{\"@type\":\"ImageObject\",\"inLanguage\":\"en-GB\",\"@id\":\"https:\/\/www.javelot-agriculture.com\/#\/schema\/person\/image\/\",\"url\":\"https:\/\/secure.gravatar.com\/avatar\/8632e6e9d448552a28325ebdf27fbdc2?s=96&d=mm&r=g\",\"contentUrl\":\"https:\/\/secure.gravatar.com\/avatar\/8632e6e9d448552a28325ebdf27fbdc2?s=96&d=mm&r=g\",\"caption\":\"L\u00e9a Lefebvre\"}}]}<\/script>\n<!-- \/ Yoast SEO plugin. -->","yoast_head_json":{"title":"Javelot au Salon International de l\u2019Agriculture 2025 ! - Javelot","description":"Nous sommes pr\u00e9sents au Salon International de l\u2019Agriculture, du 22 f\u00e9vrier au 2 mars, aux c\u00f4t\u00e9s de La Ferme Digitale.","robots":{"index":"index","follow":"follow","max-snippet":"max-snippet:-1","max-image-preview":"max-image-preview:large","max-video-preview":"max-video-preview:-1"},"canonical":"https:\/\/www.javelot-agriculture.com\/en\/javelin-at-the-2025-international-agricultural-show\/","og_locale":"en_GB","og_type":"article","og_title":"Javelot au Salon International de l\u2019Agriculture 2025 ! - Javelot","og_description":"Nous sommes pr\u00e9sents au Salon International de l\u2019Agriculture, du 22 f\u00e9vrier au 2 mars, aux c\u00f4t\u00e9s de La Ferme Digitale.","og_url":"https:\/\/www.javelot-agriculture.com\/en\/javelin-at-the-2025-international-agricultural-show\/","og_site_name":"Javelot","article_published_time":"2025-02-04T16:30:18+00:00","article_modified_time":"2025-03-13T10:32:05+00:00","og_image":[{"width":1090,"height":732,"url":"https:\/\/www.javelot-agriculture.com\/wp-content\/uploads\/2025\/02\/Capture-de\u0301cran-2025-03-13-a\u0300-11.31.52.png","type":"image\/png"}],"author":"L\u00e9a Lefebvre","twitter_card":"summary_large_image","twitter_misc":{"Written by":"L\u00e9a Lefebvre","Est. reading time":"1 minute"},"schema":{"@context":"https:\/\/schema.org","@graph":[{"@type":"Article","@id":"https:\/\/www.javelot-agriculture.com\/javelot-au-salon-international-de-lagriculture-2025\/#article","isPartOf":{"@id":"https:\/\/www.javelot-agriculture.com\/javelot-au-salon-international-de-lagriculture-2025\/"},"author":{"name":"L\u00e9a Lefebvre","@id":"https:\/\/www.javelot-agriculture.com\/#\/schema\/person\/b92d6fd2113529d3d31a0180e2071eff"},"headline":"Javelot au Salon International de l\u2019Agriculture 2025 !","datePublished":"2025-02-04T16:30:18+00:00","dateModified":"2025-03-13T10:32:05+00:00","mainEntityOfPage":{"@id":"https:\/\/www.javelot-agriculture.com\/javelot-au-salon-international-de-lagriculture-2025\/"},"wordCount":115,"publisher":{"@id":"https:\/\/www.javelot-agriculture.com\/#organization"},"image":{"@id":"https:\/\/www.javelot-agriculture.com\/javelot-au-salon-international-de-lagriculture-2025\/#primaryimage"},"thumbnailUrl":"https:\/\/www.javelot-agriculture.com\/wp-content\/uploads\/2025\/02\/Capture-de\u0301cran-2025-03-13-a\u0300-11.31.52.png","articleSection":["Agritech"],"inLanguage":"en-GB"},{"@type":"WebPage","@id":"https:\/\/www.javelot-agriculture.com\/javelot-au-salon-international-de-lagriculture-2025\/","url":"https:\/\/www.javelot-agriculture.com\/javelot-au-salon-international-de-lagriculture-2025\/","name":"Javelot au Salon International de l\u2019Agriculture 2025 ! - Javelot","isPartOf":{"@id":"https:\/\/www.javelot-agriculture.com\/#website"},"primaryImageOfPage":{"@id":"https:\/\/www.javelot-agriculture.com\/javelot-au-salon-international-de-lagriculture-2025\/#primaryimage"},"image":{"@id":"https:\/\/www.javelot-agriculture.com\/javelot-au-salon-international-de-lagriculture-2025\/#primaryimage"},"thumbnailUrl":"https:\/\/www.javelot-agriculture.com\/wp-content\/uploads\/2025\/02\/Capture-de\u0301cran-2025-03-13-a\u0300-11.31.52.png","datePublished":"2025-02-04T16:30:18+00:00","dateModified":"2025-03-13T10:32:05+00:00","description":"Nous sommes pr\u00e9sents au Salon International de l\u2019Agriculture, du 22 f\u00e9vrier au 2 mars, aux c\u00f4t\u00e9s de La Ferme Digitale.","breadcrumb":{"@id":"https:\/\/www.javelot-agriculture.com\/javelot-au-salon-international-de-lagriculture-2025\/#breadcrumb"},"inLanguage":"en-GB","potentialAction":[{"@type":"ReadAction","target":["https:\/\/www.javelot-agriculture.com\/javelot-au-salon-international-de-lagriculture-2025\/"]}]},{"@type":"ImageObject","inLanguage":"en-GB","@id":"https:\/\/www.javelot-agriculture.com\/javelot-au-salon-international-de-lagriculture-2025\/#primaryimage","url":"https:\/\/www.javelot-agriculture.com\/wp-content\/uploads\/2025\/02\/Capture-de\u0301cran-2025-03-13-a\u0300-11.31.52.png","contentUrl":"https:\/\/www.javelot-agriculture.com\/wp-content\/uploads\/2025\/02\/Capture-de\u0301cran-2025-03-13-a\u0300-11.31.52.png","width":1090,"height":732},{"@type":"BreadcrumbList","@id":"https:\/\/www.javelot-agriculture.com\/javelot-au-salon-international-de-lagriculture-2025\/#breadcrumb","itemListElement":[{"@type":"ListItem","position":1,"name":"Accueil","item":"https:\/\/www.javelot-agriculture.com\/"},{"@type":"ListItem","position":2,"name":"Agritech","item":"https:\/\/www.javelot-agriculture.com\/actualites\/entreprise\/"},{"@type":"ListItem","position":3,"name":"Javelot au Salon International de l\u2019Agriculture 2025 !"}]},{"@type":"WebSite","@id":"https:\/\/www.javelot-agriculture.com\/#website","url":"https:\/\/www.javelot-agriculture.com\/","name":"Javelot","description":"Une Agritech qui optimise le stockage et la logistique agricole","publisher":{"@id":"https:\/\/www.javelot-agriculture.com\/#organization"},"potentialAction":[{"@type":"SearchAction","target":{"@type":"EntryPoint","urlTemplate":"https:\/\/www.javelot-agriculture.com\/?s={search_term_string}"},"query-input":{"@type":"PropertyValueSpecification","valueRequired":true,"valueName":"search_term_string"}}],"inLanguage":"en-GB"},{"@type":"Organization","@id":"https:\/\/www.javelot-agriculture.com\/#organization","name":"Javelot","url":"https:\/\/www.javelot-agriculture.com\/","logo":{"@type":"ImageObject","inLanguage":"en-GB","@id":"https:\/\/www.javelot-agriculture.com\/#\/schema\/logo\/image\/","url":"https:\/\/www.javelot-agriculture.com\/wp-content\/uploads\/2023\/07\/Group-85.svg","contentUrl":"https:\/\/www.javelot-agriculture.com\/wp-content\/uploads\/2023\/07\/Group-85.svg","width":173,"height":176,"caption":"Javelot"},"image":{"@id":"https:\/\/www.javelot-agriculture.com\/#\/schema\/logo\/image\/"}},{"@type":"Person","@id":"https:\/\/www.javelot-agriculture.com\/#\/schema\/person\/b92d6fd2113529d3d31a0180e2071eff","name":"L\u00e9a Lefebvre","image":{"@type":"ImageObject","inLanguage":"en-GB","@id":"https:\/\/www.javelot-agriculture.com\/#\/schema\/person\/image\/","url":"https:\/\/secure.gravatar.com\/avatar\/8632e6e9d448552a28325ebdf27fbdc2?s=96&d=mm&r=g","contentUrl":"https:\/\/secure.gravatar.com\/avatar\/8632e6e9d448552a28325ebdf27fbdc2?s=96&d=mm&r=g","caption":"L\u00e9a Lefebvre"}}]}},"_links":{"self":[{"href":"https:\/\/www.javelot-agriculture.com\/en\/wp-json\/wp\/v2\/posts\/2472","targetHints":{"allow":["GET"]}}],"collection":[{"href":"https:\/\/www.javelot-agriculture.com\/en\/wp-json\/wp\/v2\/posts"}],"about":[{"href":"https:\/\/www.javelot-agriculture.com\/en\/wp-json\/wp\/v2\/types\/post"}],"author":[{"embeddable":true,"href":"https:\/\/www.javelot-agriculture.com\/en\/wp-json\/wp\/v2\/users\/11"}],"replies":[{"embeddable":true,"href":"https:\/\/www.javelot-agriculture.com\/en\/wp-json\/wp\/v2\/comments?post=2472"}],"version-history":[{"count":2,"href":"https:\/\/www.javelot-agriculture.com\/en\/wp-json\/wp\/v2\/posts\/2472\/revisions"}],"predecessor-version":[{"id":2501,"href":"https:\/\/www.javelot-agriculture.com\/en\/wp-json\/wp\/v2\/posts\/2472\/revisions\/2501"}],"wp:featuredmedia":[{"embeddable":true,"href":"https:\/\/www.javelot-agriculture.com\/en\/wp-json\/wp\/v2\/media\/2528"}],"wp:attachment":[{"href":"https:\/\/www.javelot-agriculture.com\/en\/wp-json\/wp\/v2\/media?parent=2472"}],"wp:term":[{"taxonomy":"category","embeddable":true,"href":"https:\/\/www.javelot-agriculture.com\/en\/wp-json\/wp\/v2\/categories?post=2472"},{"taxonomy":"post_tag","embeddable":true,"href":"https:\/\/www.javelot-agriculture.com\/en\/wp-json\/wp\/v2\/tags?post=2472"}],"curies":[{"name":"wp","href":"https:\/\/api.w.org\/{rel}","templated":true}]}}